{"id":104,"date":"2024-11-05T11:57:03","date_gmt":"2024-11-05T10:57:03","guid":{"rendered":"https:\/\/jpk-kriska-gora.si\/index.php\/2024\/11\/05\/pri-sosedih-nova-garazna-vrata-na-novi-garazi\/"},"modified":"2024-11-05T11:57:03","modified_gmt":"2024-11-05T10:57:03","slug":"pri-sosedih-nova-garazna-vrata-na-novi-garazi","status":"publish","type":"post","link":"https:\/\/jpk-kriska-gora.si\/index.php\/2024\/11\/05\/pri-sosedih-nova-garazna-vrata-na-novi-garazi\/","title":{"rendered":"Pri sosedih nova gara\u017ena vrata na novi gara\u017ei"},"content":{"rendered":"<p align=\"justify\">Pri sosedih so potrebovali nova gara\u017ena vrata zato so se oglasili pri nas in pogledali, kak\u0161na smo mi kupili in povpra\u0161ali, \u010de smo z njimi zadovoljni. Mi smo pred kratkim menjali vrata in kupili nova gara\u017ena vrata na rolo zapiranje.<\/p>\n<p align=\"justify\">Zelo smo jih pohvalili, saj se zelo tiho zapirajo in ne vzamejo dosti prostora in \u0161e videti so zelo elegantna. So v beli barvi in imajo \u0161iroke bele lamele, ki so izolirane. Povedali smo, da nam jih je svetoval prijatelj. Tudi sami so razmi\u0161ljali, da bi kupili podobna vrata toda oni so se zagreli za sekcijska vrata s paneli. Povedali smo jim, da smo mi imeli pred temi sekcijska vrata in smo bili tudi zadovoljni z njimi razen tega, da so nam vzela dosti prostora v gara\u017ei, ker je imela \u017ee tako nizek strop. Sekcijska vrata se zapirajo po vodilih pod strop gara\u017ee. Oni so sicer rekli, da imajo visoke strope in da to ne bo problem. Mo\u017e jim je dal vizitko na\u0161ega prijatelja in ga priporo\u010dal, da zelo pomaga in svetuje. Z informacijo so bili zadovoljni in povabili na ro\u0161tilj, ko naredijo <a href=\"https:\/\/garazna-vrata-cena.si\">gara\u017ena vrata<\/a> na novi gara\u017ei.<\/p>\n<p align=\"justify\">\u010cez nekaj \u010dasa smo videli, da je bil na\u0161 prijatelj pri sosedih in hodil okli odprtine gara\u017ee z metrom v roki. Takoj smo vedeli, da so se odlo\u010dili za nakup gara\u017enih vrat v trgovini, kjer smo jih tudi mi. Popoldan je pri\u0161el sosed povedat, da so se zmenili za vrata in da so zelo zadovoljni tudi z njihovim pristopom v trgovini. Ker so si zamislili malo druga\u010dnih panelov, kot so jih imeli na zalogi v trgovini, bodo morali malo po\u010dakati, ker so jih dali delat po naro\u010dilu. Torej piknik bo, smo se pohecali in nasmejali.<\/p>\n<p align=\"justify\">Pri\u0161el je tudi \u010das za na\u0161e sosede, ko so jim pripeljali gara\u017ena vrata po naro\u010dilu. Zelo v kratkem \u010dasu so jim namestili in gara\u017ea je dobila zelo eleganten videz.<\/p>\n<p align=\"justify\"><img loading=\"lazy\" decoding=\"async\" width=\"1600\" height=\"1066\" class=\"size-full wp-image-103 aligncenter\" src=\"https:\/\/jpk-kriska-gora.si\/wp-content\/uploads\/2024\/11\/pri-sosedih-nova-garazna-vrata-na-novi-garazi.jpg\" alt=\"Pri sosedih nova gara\u017ena vrata na novi gara\u017ei\" srcset=\"https:\/\/jpk-kriska-gora.si\/wp-content\/uploads\/2024\/11\/pri-sosedih-nova-garazna-vrata-na-novi-garazi.jpg 1600w, https:\/\/jpk-kriska-gora.si\/wp-content\/uploads\/2024\/11\/pri-sosedih-nova-garazna-vrata-na-novi-garazi-300x200.jpg 300w, https:\/\/jpk-kriska-gora.si\/wp-content\/uploads\/2024\/11\/pri-sosedih-nova-garazna-vrata-na-novi-garazi-1024x682.jpg 1024w, https:\/\/jpk-kriska-gora.si\/wp-content\/uploads\/2024\/11\/pri-sosedih-nova-garazna-vrata-na-novi-garazi-768x512.jpg 768w, https:\/\/jpk-kriska-gora.si\/wp-content\/uploads\/2024\/11\/pri-sosedih-nova-garazna-vrata-na-novi-garazi-1536x1023.jpg 1536w, https:\/\/jpk-kriska-gora.si\/wp-content\/uploads\/2024\/11\/pri-sosedih-nova-garazna-vrata-na-novi-garazi-1080x720.jpg 1080w\" sizes=\"auto, (max-width: 1600px) 100vw, 1600px\" \/><\/p>\n","protected":false},"excerpt":{"rendered":"<p>Pri sosedih so potrebovali nova gara\u017ena vrata zato so se oglasili pri nas in pogledali, kak\u0161na smo mi kupili in povpra\u0161ali, \u010de smo z njimi zadovoljni. Mi smo pred kratkim menjali vrata in kupili nova gara\u017ena vrata na rolo zapiranje. Zelo smo jih pohvalili, saj se zelo tiho zapirajo in ne vzamejo dosti prostora in \u0161e videti so zelo elegantna. So v beli barvi in imajo \u0161iroke bele lamele, ki so izolirane. Povedali smo, da nam jih je svetoval prijatelj. Tudi sami so razmi\u0161ljali, da bi kupili podobna vrata toda oni so se zagreli za sekcijska vrata s paneli. Povedali smo jim, da smo mi imeli pred temi sekcijska vrata in smo bili tudi zadovoljni z njimi razen tega, da so nam vzela dosti prostora v gara\u017ei, ker je imela \u017ee tako nizek strop. Sekcijska vrata se zapirajo po vodilih pod strop gara\u017ee. Oni so sicer rekli, da imajo visoke strope in da to ne bo problem. Mo\u017e jim je dal vizitko na\u0161ega prijatelja in ga priporo\u010dal, da zelo pomaga in svetuje. Z informacijo so bili zadovoljni in povabili na ro\u0161tilj, ko naredijo gara\u017ena vrata na novi gara\u017ei. \u010cez nekaj \u010dasa smo videli, da je bil na\u0161 prijatelj pri sosedih [&hellip;]<\/p>\n","protected":false},"author":1,"featured_media":0,"comment_status":"closed","ping_status":"open","sticky":false,"template":"","format":"standard","meta":{"footnotes":""},"categories":[39],"tags":[215,41,43,216,217],"class_list":["post-104","post","type-post","status-publish","format-standard","hentry","category-garazna-vrata","tag-elegantna-garaza","tag-garaza","tag-garazna-vrata","tag-nakup-garaznih-vrat","tag-vrata-za-garazo"],"aioseo_notices":[],"_links":{"self":[{"href":"https:\/\/jpk-kriska-gora.si\/index.php\/wp-json\/wp\/v2\/posts\/104","targetHints":{"allow":["GET"]}}],"collection":[{"href":"https:\/\/jpk-kriska-gora.si\/index.php\/wp-json\/wp\/v2\/posts"}],"about":[{"href":"https:\/\/jpk-kriska-gora.si\/index.php\/wp-json\/wp\/v2\/types\/post"}],"author":[{"embeddable":true,"href":"https:\/\/jpk-kriska-gora.si\/index.php\/wp-json\/wp\/v2\/users\/1"}],"replies":[{"embeddable":true,"href":"https:\/\/jpk-kriska-gora.si\/index.php\/wp-json\/wp\/v2\/comments?post=104"}],"version-history":[{"count":0,"href":"https:\/\/jpk-kriska-gora.si\/index.php\/wp-json\/wp\/v2\/posts\/104\/revisions"}],"wp:attachment":[{"href":"https:\/\/jpk-kriska-gora.si\/index.php\/wp-json\/wp\/v2\/media?parent=104"}],"wp:term":[{"taxonomy":"category","embeddable":true,"href":"https:\/\/jpk-kriska-gora.si\/index.php\/wp-json\/wp\/v2\/categories?post=104"},{"taxonomy":"post_tag","embeddable":true,"href":"https:\/\/jpk-kriska-gora.si\/index.php\/wp-json\/wp\/v2\/tags?post=104"}],"curies":[{"name":"wp","href":"https:\/\/api.w.org\/{rel}","templated":true}]}}