{"id":16,"date":"2022-11-17T19:09:36","date_gmt":"2022-11-17T18:09:36","guid":{"rendered":"https:\/\/jpk-kriska-gora.si\/index.php\/2022\/11\/17\/belezka-pride-prav-za-zapisovanje-pomembnih-stvari\/"},"modified":"2022-11-17T19:09:36","modified_gmt":"2022-11-17T18:09:36","slug":"belezka-pride-prav-za-zapisovanje-pomembnih-stvari","status":"publish","type":"post","link":"https:\/\/jpk-kriska-gora.si\/index.php\/2022\/11\/17\/belezka-pride-prav-za-zapisovanje-pomembnih-stvari\/","title":{"rendered":"Bele\u017eka pride prav za zapisovanje pomembnih stvari"},"content":{"rendered":"<p align=\"justify\">Ko imamo nek hekti\u010den urnik in se te\u017eko organiziramo oziroma te\u017eko organiziram osvoj \u010das, smo pozabljivi in se utapljamo v delu, nam seveda pride prav neka bele\u017eka.<\/p>\n<p align=\"justify\">Bele\u017eka je lahko kot nek planer, ki nam pomaga organizirati vsak dan posebej in pa zraven imamo \u0161e nekaj prostora, kamor lahko zapisujemo pomembne stvari in podatke, ki jih ne smemo pozabiti ali pa jih uporabljamo vsak dan. Bele\u017eka je kot nek vir podatkov, ki so za nas pomembni. Vsi pomembni podatki so tako lepo zbrani na enem mestu in \u010de imamo lepo organizirano bele\u017eko, vemo to\u010dno kje je kaj.<\/p>\n<p align=\"justify\"><img loading=\"lazy\" decoding=\"async\" width=\"1600\" height=\"1053\" class=\"size-full wp-image-15 aligncenter\" src=\"https:\/\/jpk-kriska-gora.si\/wp-content\/uploads\/2022\/11\/belezka-pride-prav-za-zapisovanje-pomembnih-stvari-.jpg\" alt=\"Bele\u017eka pride prav za zapisovanje pomembnih stvari\" srcset=\"https:\/\/jpk-kriska-gora.si\/wp-content\/uploads\/2022\/11\/belezka-pride-prav-za-zapisovanje-pomembnih-stvari-.jpg 1600w, https:\/\/jpk-kriska-gora.si\/wp-content\/uploads\/2022\/11\/belezka-pride-prav-za-zapisovanje-pomembnih-stvari--300x197.jpg 300w, https:\/\/jpk-kriska-gora.si\/wp-content\/uploads\/2022\/11\/belezka-pride-prav-za-zapisovanje-pomembnih-stvari--1024x674.jpg 1024w, https:\/\/jpk-kriska-gora.si\/wp-content\/uploads\/2022\/11\/belezka-pride-prav-za-zapisovanje-pomembnih-stvari--768x505.jpg 768w, https:\/\/jpk-kriska-gora.si\/wp-content\/uploads\/2022\/11\/belezka-pride-prav-za-zapisovanje-pomembnih-stvari--1536x1011.jpg 1536w, https:\/\/jpk-kriska-gora.si\/wp-content\/uploads\/2022\/11\/belezka-pride-prav-za-zapisovanje-pomembnih-stvari--1080x711.jpg 1080w\" sizes=\"auto, (max-width: 1600px) 100vw, 1600px\" \/><\/p>\n<p align=\"justify\">Bele\u017eke so lahko zelo razli\u010dne. Ene imajo \u017ee lepo organizirane liste v njej in so zgrajeni iz razli\u010dnih delov. Se pravi, prvi del je nek koledar, drugi del so lahko zapisi nekih pomembnih podatkov in tretji del je lahko prazna bele\u017eka kamor pi\u0161emo pomembne podatke.<\/p>\n<p align=\"justify\">Nekatere bele\u017eke pa so \u010disto navadne in si jih uredimo sami. Nimajo nobenih posebnih strani ampak so kot navadni zvezki, ki jih uporabljamo, v njih planiramo in organiziramo \u010das, zapisujemo pomembne informacije.<\/p>\n<p align=\"justify\">Bele\u017eke so po navadi vedno ob nas. Ko smo v slu\u017ebi, ko\u00a0 grem v slu\u017ebo in potem ko gremo domov. Nikoli ne vemo kdaj bomo imeli nek podatek za zapisati, zato jo imamo vedno pri sebi za vsak slu\u010daj. Doma lepo le\u017ei na omari in v primeru da jo rabimo jo lepo vzamemo in vanjo nekaj zapi\u0161emo, v slu\u017ebi pa je vedno odprta tako da vse podatke takoj vidimo in se med njimi tudi zelo lepo znajdemo.<\/p>\n","protected":false},"excerpt":{"rendered":"<p>Ko imamo nek hekti\u010den urnik in se te\u017eko organiziramo oziroma te\u017eko organiziram osvoj \u010das, smo pozabljivi in se utapljamo v delu, nam seveda pride prav neka bele\u017eka. Bele\u017eka je lahko kot nek planer, ki nam pomaga organizirati vsak dan posebej in pa zraven imamo \u0161e nekaj prostora, kamor lahko zapisujemo pomembne stvari in podatke, ki jih ne smemo pozabiti ali pa jih uporabljamo vsak dan. Bele\u017eka je kot nek vir podatkov, ki so za nas pomembni. Vsi pomembni podatki so tako lepo zbrani na enem mestu in \u010de imamo lepo organizirano bele\u017eko, vemo to\u010dno kje je kaj. Bele\u017eke so lahko zelo razli\u010dne. Ene imajo \u017ee lepo organizirane liste v njej in so zgrajeni iz razli\u010dnih delov. Se pravi, prvi del je nek koledar, drugi del so lahko zapisi nekih pomembnih podatkov in tretji del je lahko prazna bele\u017eka kamor pi\u0161emo pomembne podatke. Nekatere bele\u017eke pa so \u010disto navadne in si jih uredimo sami. Nimajo nobenih posebnih strani ampak so kot navadni zvezki, ki jih uporabljamo, v njih planiramo in organiziramo \u010das, zapisujemo pomembne informacije. Bele\u017eke so po navadi vedno ob nas. Ko smo v slu\u017ebi, ko\u00a0 grem v slu\u017ebo in potem ko gremo domov. Nikoli ne vemo kdaj bomo imeli [&hellip;]<\/p>\n","protected":false},"author":1,"featured_media":0,"comment_status":"closed","ping_status":"open","sticky":false,"template":"","format":"standard","meta":{"footnotes":""},"categories":[2],"tags":[3,4,5,6],"class_list":["post-16","post","type-post","status-publish","format-standard","hentry","category-belezka","tag-belezka","tag-nakup-belezke","tag-organizacija","tag-zapisovanje"],"aioseo_notices":[],"_links":{"self":[{"href":"https:\/\/jpk-kriska-gora.si\/index.php\/wp-json\/wp\/v2\/posts\/16","targetHints":{"allow":["GET"]}}],"collection":[{"href":"https:\/\/jpk-kriska-gora.si\/index.php\/wp-json\/wp\/v2\/posts"}],"about":[{"href":"https:\/\/jpk-kriska-gora.si\/index.php\/wp-json\/wp\/v2\/types\/post"}],"author":[{"embeddable":true,"href":"https:\/\/jpk-kriska-gora.si\/index.php\/wp-json\/wp\/v2\/users\/1"}],"replies":[{"embeddable":true,"href":"https:\/\/jpk-kriska-gora.si\/index.php\/wp-json\/wp\/v2\/comments?post=16"}],"version-history":[{"count":0,"href":"https:\/\/jpk-kriska-gora.si\/index.php\/wp-json\/wp\/v2\/posts\/16\/revisions"}],"wp:attachment":[{"href":"https:\/\/jpk-kriska-gora.si\/index.php\/wp-json\/wp\/v2\/media?parent=16"}],"wp:term":[{"taxonomy":"category","embeddable":true,"href":"https:\/\/jpk-kriska-gora.si\/index.php\/wp-json\/wp\/v2\/categories?post=16"},{"taxonomy":"post_tag","embeddable":true,"href":"https:\/\/jpk-kriska-gora.si\/index.php\/wp-json\/wp\/v2\/tags?post=16"}],"curies":[{"name":"wp","href":"https:\/\/api.w.org\/{rel}","templated":true}]}}