{"id":29,"date":"2023-01-09T17:32:33","date_gmt":"2023-01-09T16:32:33","guid":{"rendered":"https:\/\/jpk-kriska-gora.si\/index.php\/2023\/01\/09\/kakovostne-odeje-zdrzijo-mnogo-let\/"},"modified":"2024-04-10T05:12:27","modified_gmt":"2024-04-10T03:12:27","slug":"kakovostne-odeje-zdrzijo-mnogo-let","status":"publish","type":"post","link":"https:\/\/jpk-kriska-gora.si\/index.php\/2023\/01\/09\/kakovostne-odeje-zdrzijo-mnogo-let\/","title":{"rendered":"Kakovostne odeje, zdr\u017eijo mnogo let"},"content":{"rendered":"<p align=\"justify\">\u010ce ne bi imela tako tople odeje, kot jo imam, bi me zagotovo \u017ee mnogo bolj zeblo pono\u010di. V\u010dasih me mnogo bolj zebe kakor obi\u010dajno in o\u010ditno je ta trenutke pri meni obdobje, ko me mnogo bolj zebe, kakor obi\u010dajno. Razlogov za to je lahko ve\u010d. Eden je lahko, ta, da se je prehitro shladil in se \u0161e nisem navadila, Drugi pa ta, da sem morda malce bolj neprespana kakor obi\u010dajno. Ampak mislim, da je samo prehitro postalo zel hladno.<\/p>\n<p align=\"justify\"><img loading=\"lazy\" decoding=\"async\" width=\"1600\" height=\"1065\" class=\"size-full wp-image-28 aligncenter\" src=\"https:\/\/jpk-kriska-gora.si\/wp-content\/uploads\/2023\/01\/kakovostne-odeje-zdrzijo-mnogo-let.jpg\" alt=\"Kakovostne odeje, zdr\u017eijo mnogo let\" srcset=\"https:\/\/jpk-kriska-gora.si\/wp-content\/uploads\/2023\/01\/kakovostne-odeje-zdrzijo-mnogo-let.jpg 1600w, https:\/\/jpk-kriska-gora.si\/wp-content\/uploads\/2023\/01\/kakovostne-odeje-zdrzijo-mnogo-let-300x200.jpg 300w, https:\/\/jpk-kriska-gora.si\/wp-content\/uploads\/2023\/01\/kakovostne-odeje-zdrzijo-mnogo-let-1024x682.jpg 1024w, https:\/\/jpk-kriska-gora.si\/wp-content\/uploads\/2023\/01\/kakovostne-odeje-zdrzijo-mnogo-let-768x511.jpg 768w, https:\/\/jpk-kriska-gora.si\/wp-content\/uploads\/2023\/01\/kakovostne-odeje-zdrzijo-mnogo-let-1536x1022.jpg 1536w, https:\/\/jpk-kriska-gora.si\/wp-content\/uploads\/2023\/01\/kakovostne-odeje-zdrzijo-mnogo-let-1080x719.jpg 1080w\" sizes=\"auto, (max-width: 1600px) 100vw, 1600px\" \/><\/p>\n<p align=\"justify\">\u010cez kak\u0161en teden se bo zagotovo vse skupaj stabiliziralo in ne bom potrebovala dodatne odeje, vsako no\u010d. Vsaj obi\u010dajno se potem kar samo uredi. Do nadalnega, pa ne bom prespala no\u010di, brez svoje dodatne odeje, ki me res zelo dobro greje.\u00a0<\/p>\n<p align=\"justify\">Vsaki\u010d znova sem vesela, da sem jo kupila. \u010ceprav je bila precej dra\u017eja od obi\u010dajne odeje, mi ni \u017eal. Ampak, kar pravijo, je vedno res. Za nekatere stvari je pametno od\u0161teti ve\u010d, saj se \u0161ele na dolgi rok vidi, kaj to pravzaprav pomeni. V\u010dasih, ko sem odeje, kupovali le na podlagi videza in cene, sem ugotovila, da se mi to prakti\u010dno niti malo ne izpla\u010da. Zelo hitro so izgubila svojo funkcijo in niti nikoli niso bile tako zelo tople, kot sem \u017eelela, da bi bile. Ampak tudi \u010dez tak\u0161ne nakupe mora iti \u010dlovek, da se o takih stvareh izobrazi. Jaz se vsekakor sem.<\/p>\n<p align=\"justify\">Sedaj vedno pogledam, iz \u010desa je odeja in \u0161ele po tem i\u0161\u010dem primerno barvo ali pa motiv, saj vem, da to ne sme biti glavna odlo\u010ditev nakupa. Vem, da so bile odeje, takrat ve\u010dinoma v naravnih odtenkih in nisem bila najbolj navdu\u0161ena, saj sem si \u017eelel barvno. Ampak ko mi je prodajalka, povedala, da te odeje, zdr\u017eijo resni\u010dno dolgo in da je bolje vzeti nevtralen odtenek, saj se je na ta na\u010din ne bom tako hitro naveli\u010dala.<\/p>\n","protected":false},"excerpt":{"rendered":"<p>\u010ce ne bi imela tako tople odeje, kot jo imam, bi me zagotovo \u017ee mnogo bolj zeblo pono\u010di. V\u010dasih me mnogo bolj zebe kakor obi\u010dajno in o\u010ditno je ta trenutke pri meni obdobje, ko me mnogo bolj zebe, kakor obi\u010dajno. Razlogov za to je lahko ve\u010d. Eden je lahko, ta, da se je prehitro shladil in se \u0161e nisem navadila, Drugi pa ta, da sem morda malce bolj neprespana kakor obi\u010dajno. Ampak mislim, da je samo prehitro postalo zel hladno. \u010cez kak\u0161en teden se bo zagotovo vse skupaj stabiliziralo in ne bom potrebovala dodatne odeje, vsako no\u010d. Vsaj obi\u010dajno se potem kar samo uredi. Do nadalnega, pa ne bom prespala no\u010di, brez svoje dodatne odeje, ki me res zelo dobro greje.\u00a0 Vsaki\u010d znova sem vesela, da sem jo kupila. \u010ceprav je bila precej dra\u017eja od obi\u010dajne odeje, mi ni \u017eal. Ampak, kar pravijo, je vedno res. Za nekatere stvari je pametno od\u0161teti ve\u010d, saj se \u0161ele na dolgi rok vidi, kaj to pravzaprav pomeni. V\u010dasih, ko sem odeje, kupovali le na podlagi videza in cene, sem ugotovila, da se mi to prakti\u010dno niti malo ne izpla\u010da. Zelo hitro so izgubila svojo funkcijo in niti nikoli niso bile tako zelo tople, [&hellip;]<\/p>\n","protected":false},"author":1,"featured_media":0,"comment_status":"closed","ping_status":"open","sticky":false,"template":"","format":"standard","meta":{"footnotes":""},"categories":[29],"tags":[30,31,32,33],"class_list":["post-29","post","type-post","status-publish","format-standard","hentry","category-odeje","tag-cene-odej","tag-kakovostne-odeje","tag-nakup-odej","tag-odeja"],"aioseo_notices":[],"_links":{"self":[{"href":"https:\/\/jpk-kriska-gora.si\/index.php\/wp-json\/wp\/v2\/posts\/29","targetHints":{"allow":["GET"]}}],"collection":[{"href":"https:\/\/jpk-kriska-gora.si\/index.php\/wp-json\/wp\/v2\/posts"}],"about":[{"href":"https:\/\/jpk-kriska-gora.si\/index.php\/wp-json\/wp\/v2\/types\/post"}],"author":[{"embeddable":true,"href":"https:\/\/jpk-kriska-gora.si\/index.php\/wp-json\/wp\/v2\/users\/1"}],"replies":[{"embeddable":true,"href":"https:\/\/jpk-kriska-gora.si\/index.php\/wp-json\/wp\/v2\/comments?post=29"}],"version-history":[{"count":1,"href":"https:\/\/jpk-kriska-gora.si\/index.php\/wp-json\/wp\/v2\/posts\/29\/revisions"}],"predecessor-version":[{"id":80,"href":"https:\/\/jpk-kriska-gora.si\/index.php\/wp-json\/wp\/v2\/posts\/29\/revisions\/80"}],"wp:attachment":[{"href":"https:\/\/jpk-kriska-gora.si\/index.php\/wp-json\/wp\/v2\/media?parent=29"}],"wp:term":[{"taxonomy":"category","embeddable":true,"href":"https:\/\/jpk-kriska-gora.si\/index.php\/wp-json\/wp\/v2\/categories?post=29"},{"taxonomy":"post_tag","embeddable":true,"href":"https:\/\/jpk-kriska-gora.si\/index.php\/wp-json\/wp\/v2\/tags?post=29"}],"curies":[{"name":"wp","href":"https:\/\/api.w.org\/{rel}","templated":true}]}}