{"id":65,"date":"2023-12-06T23:02:39","date_gmt":"2023-12-06T22:02:39","guid":{"rendered":"https:\/\/jpk-kriska-gora.si\/index.php\/2023\/12\/06\/nakup-sedezne-garniture-je-bil-odlicen-zacetek-prenavljanja-dnevne-sobe\/"},"modified":"2023-12-06T23:02:39","modified_gmt":"2023-12-06T22:02:39","slug":"nakup-sedezne-garniture-je-bil-odlicen-zacetek-prenavljanja-dnevne-sobe","status":"publish","type":"post","link":"https:\/\/jpk-kriska-gora.si\/index.php\/2023\/12\/06\/nakup-sedezne-garniture-je-bil-odlicen-zacetek-prenavljanja-dnevne-sobe\/","title":{"rendered":"Nakup sede\u017ene garniture je bil odli\u010den za\u010detek prenavljanja dnevne sobe"},"content":{"rendered":"<p align=\"justify\"><img loading=\"lazy\" decoding=\"async\" width=\"1600\" height=\"1059\" class=\"size-full wp-image-64 aligncenter\" src=\"https:\/\/jpk-kriska-gora.si\/wp-content\/uploads\/2023\/12\/nakup-sedezne-garniture-je-bil-odlicen-zacetek-prenavljanja-dnevne-sobe.jpg\" alt=\"Nakup sede\u017ene garniture je bil odli\u010den za\u010detek prenavljanja dnevne sobe\" srcset=\"https:\/\/jpk-kriska-gora.si\/wp-content\/uploads\/2023\/12\/nakup-sedezne-garniture-je-bil-odlicen-zacetek-prenavljanja-dnevne-sobe.jpg 1600w, https:\/\/jpk-kriska-gora.si\/wp-content\/uploads\/2023\/12\/nakup-sedezne-garniture-je-bil-odlicen-zacetek-prenavljanja-dnevne-sobe-300x199.jpg 300w, https:\/\/jpk-kriska-gora.si\/wp-content\/uploads\/2023\/12\/nakup-sedezne-garniture-je-bil-odlicen-zacetek-prenavljanja-dnevne-sobe-1024x678.jpg 1024w, https:\/\/jpk-kriska-gora.si\/wp-content\/uploads\/2023\/12\/nakup-sedezne-garniture-je-bil-odlicen-zacetek-prenavljanja-dnevne-sobe-768x508.jpg 768w, https:\/\/jpk-kriska-gora.si\/wp-content\/uploads\/2023\/12\/nakup-sedezne-garniture-je-bil-odlicen-zacetek-prenavljanja-dnevne-sobe-1536x1017.jpg 1536w, https:\/\/jpk-kriska-gora.si\/wp-content\/uploads\/2023\/12\/nakup-sedezne-garniture-je-bil-odlicen-zacetek-prenavljanja-dnevne-sobe-1080x715.jpg 1080w\" sizes=\"auto, (max-width: 1600px) 100vw, 1600px\" \/><\/p>\n<p align=\"justify\">Doma smo malo razmi\u0161ljali o temu, da bo potrebno nekoliko preurediti in obnoviti na\u0161o dnevno sobo. Tukaj pa smo imeli v namenu nekoliko spremeniti postavitev samega pohi\u0161tva, prepleskati stene in pa na koncu \u0161e kupiti novo sede\u017eno garnituro. To vse pa zato, ker smo se \u017ee nekoliko naveli\u010dali izgleda na\u0161e dnevne sobe, ki je sedaj bila \u017ee kar nekaj let enaka. <a href=\"https:\/\/www.sedeznesulc.si\">Nakup sede\u017ene garniture<\/a>\u00a0pa je bil potreben zaradi tega, ker je trenutna bila \u017ee zelo stara, ter so se na sami sede\u017eni garnituri tudi \u017ee pojavile usedline.<\/p>\n<p align=\"justify\">Zato pa smo renovacije lotili tako, da smo se odpravili v nekaj trgovin s pohi\u0161tvom, kjer smo si ogledali razli\u010dne sede\u017ene garniture. Imeli pa smo nekaj \u017eelj, glede na to, kak\u0161no sede\u017eno garnituro smo \u017eeleli imeti. Prva stvar, katera nam je bila nujna, da bi jo na\u0161a sede\u017ena garnitura imela, je bila ta, da bi se sede\u017ena lahko raztegnila v le\u017ei\u0161\u010de. To pa bi bilo za nas zelo uporabno, saj nismo imeli posebej sobe za goste, tako da bi sede\u017ena garnitura lahko slu\u017eila kot le\u017ei\u0161\u010de, \u010de bi moral kdo pri nas kdaj slu\u010dajno prespati.<\/p>\n<p align=\"justify\">Nato pa smo \u0161e morali malo premisliti, kako velika bo morala na\u0161a sede\u017ena sploh biti. Ker pa smo 4 \u010dlanska dru\u017eina, smo nekako planirali, da bi velikost sede\u017ene garniture morala biti tak\u0161na, da bi lahko vsi \u0161tirje udobno sedeli na njej. Nato pa smo si \u0161e ogledali razli\u010dne sede\u017ene garniture, glede na material. Tukaj pa smo preferirali usnje, saj so usnjene sede\u017ene garniture veliko bolj \u010dloveku prijazne. To pa zato, ker se lahko zelo enostavno o\u010distijo, v kolikor bi se malo umazale, saj bi se lahko sede\u017eno preprosto obrisalo s krpo.<\/p>\n<p align=\"justify\">No glede na vse to, pa smo na koncu le na\u0161li sede\u017eno garnituro, ki je obkljukala vse te na\u0161e \u017eelje, ter smo bili zelo veseli, da smo kon\u010dno opravili vsaj en del te na\u0161e renovacije dnevne sobe.<\/p>\n","protected":false},"excerpt":{"rendered":"<p>Doma smo malo razmi\u0161ljali o temu, da bo potrebno nekoliko preurediti in obnoviti na\u0161o dnevno sobo. Tukaj pa smo imeli v namenu nekoliko spremeniti postavitev samega pohi\u0161tva, prepleskati stene in pa na koncu \u0161e kupiti novo sede\u017eno garnituro. To vse pa zato, ker smo se \u017ee nekoliko naveli\u010dali izgleda na\u0161e dnevne sobe, ki je sedaj bila \u017ee kar nekaj let enaka. Nakup sede\u017ene garniture\u00a0pa je bil potreben zaradi tega, ker je trenutna bila \u017ee zelo stara, ter so se na sami sede\u017eni garnituri tudi \u017ee pojavile usedline. Zato pa smo renovacije lotili tako, da smo se odpravili v nekaj trgovin s pohi\u0161tvom, kjer smo si ogledali razli\u010dne sede\u017ene garniture. Imeli pa smo nekaj \u017eelj, glede na to, kak\u0161no sede\u017eno garnituro smo \u017eeleli imeti. Prva stvar, katera nam je bila nujna, da bi jo na\u0161a sede\u017ena garnitura imela, je bila ta, da bi se sede\u017ena lahko raztegnila v le\u017ei\u0161\u010de. To pa bi bilo za nas zelo uporabno, saj nismo imeli posebej sobe za goste, tako da bi sede\u017ena garnitura lahko slu\u017eila kot le\u017ei\u0161\u010de, \u010de bi moral kdo pri nas kdaj slu\u010dajno prespati. Nato pa smo \u0161e morali malo premisliti, kako velika bo morala na\u0161a sede\u017ena sploh biti. Ker pa smo 4 [&hellip;]<\/p>\n","protected":false},"author":1,"featured_media":0,"comment_status":"closed","ping_status":"open","sticky":false,"template":"","format":"standard","meta":{"footnotes":""},"categories":[113],"tags":[114,115,116,117,118],"class_list":["post-65","post","type-post","status-publish","format-standard","hentry","category-sedezne-garniture","tag-nakup-pohistva","tag-preureditev-dnevne-sobe","tag-sedezna-garnitura","tag-trgovine-s-pohistvom","tag-usnjena-sedezna-garnitura"],"aioseo_notices":[],"_links":{"self":[{"href":"https:\/\/jpk-kriska-gora.si\/index.php\/wp-json\/wp\/v2\/posts\/65","targetHints":{"allow":["GET"]}}],"collection":[{"href":"https:\/\/jpk-kriska-gora.si\/index.php\/wp-json\/wp\/v2\/posts"}],"about":[{"href":"https:\/\/jpk-kriska-gora.si\/index.php\/wp-json\/wp\/v2\/types\/post"}],"author":[{"embeddable":true,"href":"https:\/\/jpk-kriska-gora.si\/index.php\/wp-json\/wp\/v2\/users\/1"}],"replies":[{"embeddable":true,"href":"https:\/\/jpk-kriska-gora.si\/index.php\/wp-json\/wp\/v2\/comments?post=65"}],"version-history":[{"count":0,"href":"https:\/\/jpk-kriska-gora.si\/index.php\/wp-json\/wp\/v2\/posts\/65\/revisions"}],"wp:attachment":[{"href":"https:\/\/jpk-kriska-gora.si\/index.php\/wp-json\/wp\/v2\/media?parent=65"}],"wp:term":[{"taxonomy":"category","embeddable":true,"href":"https:\/\/jpk-kriska-gora.si\/index.php\/wp-json\/wp\/v2\/categories?post=65"},{"taxonomy":"post_tag","embeddable":true,"href":"https:\/\/jpk-kriska-gora.si\/index.php\/wp-json\/wp\/v2\/tags?post=65"}],"curies":[{"name":"wp","href":"https:\/\/api.w.org\/{rel}","templated":true}]}}