{"id":70,"date":"2024-02-21T18:55:19","date_gmt":"2024-02-21T17:55:19","guid":{"rendered":"https:\/\/jpk-kriska-gora.si\/index.php\/2024\/02\/01\/odstranjevanje-znamenj-mi-je-pomagalo-pri-samozavesti\/"},"modified":"2024-02-21T18:56:13","modified_gmt":"2024-02-21T17:56:13","slug":"odstranjevanje-znamenj-mi-je-pomagalo-pri-samozavesti","status":"publish","type":"post","link":"https:\/\/jpk-kriska-gora.si\/index.php\/2024\/02\/21\/odstranjevanje-znamenj-mi-je-pomagalo-pri-samozavesti\/","title":{"rendered":"Odstranjevanje znamenj mi je pomagalo pri samozavesti"},"content":{"rendered":"<p align=\"justify\">\u017de kar nekaj \u010dasa sem imel sedaj na roki kar veliko znamenje. To znamenje pa mi je \u0161lo \u017ee zelo na \u017eivce, ter sem v zadnjem \u010dasu tudi opazil, oziroma se mi je zdelo, da se je to znamenje nekoliko spreminjalo.<\/p>\n<p align=\"justify\">Znamenja, ki se pa spreminjajo, tako po barvi, ali pa obliki, pa so lahko znak za ko\u017enega raka. Zaradi tega pa me je to zelo prestra\u0161ilo, tako da sem se odlo\u010dil, da se bom oglasil pri zdravniku, da mi preveri stanje znamenja in potrdi, \u010de bo potrebno <a href=\"https:\/\/www.bartenjev.si\/si\/s-cim-se-ukvarjamo\/diagnostika-koznih-sprememb-in-zdravljenje\/odstranjevanje-koznih-in-podkoznih-tvorb\/\">odstranjevanje znamenj<\/a>.<\/p>\n<p align=\"justify\"><img loading=\"lazy\" decoding=\"async\" width=\"1600\" height=\"1066\" class=\"size-full wp-image-69 aligncenter\" src=\"https:\/\/jpk-kriska-gora.si\/wp-content\/uploads\/2024\/02\/odstranjevanje-znamenj-mi-je-pomagalo-pri-samozavesti-.jpg\" srcset=\"https:\/\/jpk-kriska-gora.si\/wp-content\/uploads\/2024\/02\/odstranjevanje-znamenj-mi-je-pomagalo-pri-samozavesti-.jpg 1600w, https:\/\/jpk-kriska-gora.si\/wp-content\/uploads\/2024\/02\/odstranjevanje-znamenj-mi-je-pomagalo-pri-samozavesti--300x200.jpg 300w, https:\/\/jpk-kriska-gora.si\/wp-content\/uploads\/2024\/02\/odstranjevanje-znamenj-mi-je-pomagalo-pri-samozavesti--1024x682.jpg 1024w, https:\/\/jpk-kriska-gora.si\/wp-content\/uploads\/2024\/02\/odstranjevanje-znamenj-mi-je-pomagalo-pri-samozavesti--768x512.jpg 768w, https:\/\/jpk-kriska-gora.si\/wp-content\/uploads\/2024\/02\/odstranjevanje-znamenj-mi-je-pomagalo-pri-samozavesti--1536x1023.jpg 1536w, https:\/\/jpk-kriska-gora.si\/wp-content\/uploads\/2024\/02\/odstranjevanje-znamenj-mi-je-pomagalo-pri-samozavesti--1080x720.jpg 1080w\" sizes=\"auto, (max-width: 1600px) 100vw, 1600px\" \/><\/p>\n<p align=\"justify\">No tako pa sem se res odpravil k zdravniku, kjer pa mi je ta opravil nekaj testov na temu znamenju. Tako pa se je nato izkazalo, da odstranjevanje znamenj ne bi bilo potrebno, saj znamenje ni imelo rakavih celic, tako da ni bilo nevarno.<\/p>\n<p align=\"justify\">Tako pa me je to zelo pomirilo, vendar pa sem se na koncu vseeno odlo\u010dil za odstranjevanje znamenj, saj mi je \u0161lo to znamenje res na \u017eivce, ker je bilo na vidnem mestu na roki ter je bilo tudi zelo veliko.\u00a0<\/p>\n<p align=\"justify\">Zato pa me je zdravnik preusmeril naprej, kjer sem lahko opravil ta poseg. Ko pa so me sprejeli, pa sem dobil datum, kdaj lahko pridem na odstranjevanje znamenj, kjer pa sem dobil termin relativno hitro, kar me je kar presenetilo.<\/p>\n<p align=\"justify\">Tako pa so mi nato odstranili znamenje, kjer pa je \u0161lo za poseg izrezovanja, saj je \u0161lo za zelo veliko znamenje, ter je bila to edina mo\u017enost. Odstranjevanje znamenj pa mi je nato pustilo manj\u0161o brazgotino, vendar je ta s \u010dasom \u0161la na bolje, ni pa povsem zbledela. Vseeno pa me ta brazgotina ni niti malo motila, saj je bila v primerjavi z mojim prej\u0161njim znamenjem, zelo minimalisti\u010dna, ter ni bila tako navidezno mote\u010da, kot je bilo znamenje. Zato pa sem zelo vesel da sem se odpravil na odstranjevanje znamenj.\u00a0\u00a0<\/p>\n","protected":false},"excerpt":{"rendered":"<p>\u017de kar nekaj \u010dasa sem imel sedaj na roki kar veliko znamenje. To znamenje pa mi je \u0161lo \u017ee zelo na \u017eivce, ter sem v zadnjem \u010dasu tudi opazil, oziroma se mi je zdelo, da se je to znamenje nekoliko spreminjalo. Znamenja, ki se pa spreminjajo, tako po barvi, ali pa obliki, pa so lahko znak za ko\u017enega raka. Zaradi tega pa me je to zelo prestra\u0161ilo, tako da sem se odlo\u010dil, da se bom oglasil pri zdravniku, da mi preveri stanje znamenja in potrdi, \u010de bo potrebno odstranjevanje znamenj. No tako pa sem se res odpravil k zdravniku, kjer pa mi je ta opravil nekaj testov na temu znamenju. Tako pa se je nato izkazalo, da odstranjevanje znamenj ne bi bilo potrebno, saj znamenje ni imelo rakavih celic, tako da ni bilo nevarno. Tako pa me je to zelo pomirilo, vendar pa sem se na koncu vseeno odlo\u010dil za odstranjevanje znamenj, saj mi je \u0161lo to znamenje res na \u017eivce, ker je bilo na vidnem mestu na roki ter je bilo tudi zelo veliko.\u00a0 Zato pa me je zdravnik preusmeril naprej, kjer sem lahko opravil ta poseg. Ko pa so me sprejeli, pa sem dobil datum, kdaj lahko pridem [&hellip;]<\/p>\n","protected":false},"author":1,"featured_media":0,"comment_status":"closed","ping_status":"open","sticky":false,"template":"","format":"standard","meta":{"footnotes":""},"categories":[130],"tags":[131,132,133,134,135],"class_list":["post-70","post","type-post","status-publish","format-standard","hentry","category-odstranjevanje-znamenj","tag-kozna-znamenja","tag-kozni-rak","tag-odstranjevanje-znamenj","tag-spremembe-koznih-znamenj","tag-velika-kozna-znamenja"],"aioseo_notices":[],"_links":{"self":[{"href":"https:\/\/jpk-kriska-gora.si\/index.php\/wp-json\/wp\/v2\/posts\/70","targetHints":{"allow":["GET"]}}],"collection":[{"href":"https:\/\/jpk-kriska-gora.si\/index.php\/wp-json\/wp\/v2\/posts"}],"about":[{"href":"https:\/\/jpk-kriska-gora.si\/index.php\/wp-json\/wp\/v2\/types\/post"}],"author":[{"embeddable":true,"href":"https:\/\/jpk-kriska-gora.si\/index.php\/wp-json\/wp\/v2\/users\/1"}],"replies":[{"embeddable":true,"href":"https:\/\/jpk-kriska-gora.si\/index.php\/wp-json\/wp\/v2\/comments?post=70"}],"version-history":[{"count":1,"href":"https:\/\/jpk-kriska-gora.si\/index.php\/wp-json\/wp\/v2\/posts\/70\/revisions"}],"predecessor-version":[{"id":71,"href":"https:\/\/jpk-kriska-gora.si\/index.php\/wp-json\/wp\/v2\/posts\/70\/revisions\/71"}],"wp:attachment":[{"href":"https:\/\/jpk-kriska-gora.si\/index.php\/wp-json\/wp\/v2\/media?parent=70"}],"wp:term":[{"taxonomy":"category","embeddable":true,"href":"https:\/\/jpk-kriska-gora.si\/index.php\/wp-json\/wp\/v2\/categories?post=70"},{"taxonomy":"post_tag","embeddable":true,"href":"https:\/\/jpk-kriska-gora.si\/index.php\/wp-json\/wp\/v2\/tags?post=70"}],"curies":[{"name":"wp","href":"https:\/\/api.w.org\/{rel}","templated":true}]}}